{"id":922,"date":"2011-12-01T11:56:42","date_gmt":"2011-12-01T10:56:42","guid":{"rendered":"http:\/\/www.ispas-ev.de\/?p=922"},"modified":"2016-02-21T14:17:59","modified_gmt":"2016-02-21T13:17:59","slug":"buchsalon-gyor","status":"publish","type":"post","link":"https:\/\/www.ispas-ev.de\/?p=922","title":{"rendered":"Buchsalon Gy\u0151r 2011"},"content":{"rendered":"<p><strong><span style=\"font-size: small;\">IX. Buchsalon in Gy\u0151r \u2013 11. bis 13. November 2011<\/span><\/strong><\/p>\n<p><span style=\"font-size: small;\">In diesem Jahr reiste mit Brigitte Stegmaier, Gudrun Stauffer und Siegbert Hirsch eine kleine Sindelfinger Delegation zum j\u00e4hrlichen Buchsalon nach Gy\u0151r.<\/span><\/p>\n<p><span style=\"font-size: small;\"><img loading=\"lazy\" decoding=\"async\" class=\"alignleft\" alt=\"Stadrundgang\" src=\"http:\/\/www.ispas-ev.de\/wp-content\/gallery\/2011-buchsalon-gyor\/p1020049.jpg\" width=\"230\" height=\"173\" \/><\/span><\/p>\n<p><span style=\"font-size: small;\">Mit einem vollbeladenen VW-Bus des Stadtjugendrings ging die Fahrt am 10. November so gegen sechs Uhr morgens los. Nach einer angenehmen Fahrt war das Ziel am Nachmittag erreicht. Gleich wurde das Nationaltheater angefahren, die B\u00fccher ausgeladen und der Stand eingerichtet.<\/span><\/p>\n<p>&nbsp;<\/p>\n<p><span style=\"font-size: small;\"><img loading=\"lazy\" decoding=\"async\" class=\"alignright\" alt=\"unser Stand\" src=\"http:\/\/www.ispas-ev.de\/wp-content\/gallery\/2011-buchsalon-gyor\/img00011-20111111-1504.jpg\" width=\"162\" height=\"216\" \/><\/span><\/p>\n<p><span style=\"font-size: small;\">Am Freitag ab 10 Uhr wurde der Buchsalon von unglaublich vielen Personen besucht. Auch Schulklassen bahnen sich immer wieder den Weg durch das Gedr\u00e4nge. Unsere deutschen B\u00fccher fanden rei\u00dfende Abnahme. Gerne lie\u00dfen sich die Besucherinnen und Besucher beraten und suchten immer wieder das Gespr\u00e4ch. Interessante Diskussionen entstanden; die Besucher waren au\u00dferordentlich daf\u00fcr dankbar, dass sie kostenlos deutsche Literatur erhielten. F\u00fcr uns waren die Begegnungen eine Bereicherung und wir waren froh, dass wir ausreichend B\u00fccher dabei hatten. Allerdings war bereits am Sonntag um 12 Uhr kein einziges Buch mehr an unserem Stand zu haben.<\/span><\/p>\n<p><span style=\"font-size: small;\"> <img loading=\"lazy\" decoding=\"async\" class=\"alignleft\" alt=\"der franz\u00f6sische Stand\" src=\"http:\/\/www.ispas-ev.de\/wp-content\/gallery\/2011-buchsalon-gyor\/p1020034.jpg\" width=\"230\" height=\"173\" \/>Gy\u0151r hatte nicht nur Sindelfingen zum Buchsalon eingeladen, sondern auch alle anderen mit Gy\u0151r verbundenen Partnerst\u00e4dte aus Deutschland, Frankreich, Polen, Rum\u00e4nien und Finnland.<\/span><br \/>\n<span style=\"font-size: small;\"> Die Stadt Gy\u0151r betreute ihre G\u00e4ste hervorragend; es gab ein interessantes Begleitprogramm mit Empf\u00e4ngen, Stadtf\u00fchrung, Museumsbesuch und einem abendlichen Besuch eines Musicals im Nationaltheater.<\/span><\/p>\n<p><span style=\"font-size: small;\"><img loading=\"lazy\" decoding=\"async\" class=\"alignright\" alt=\"Alles im Blick\" src=\"http:\/\/www.ispas-ev.de\/wp-content\/gallery\/2011-buchsalon-gyor\/img00010-20111111-1502.jpg\" width=\"162\" height=\"216\" \/><\/span><\/p>\n<p><span style=\"font-size: small;\">Am Montag, 14. November ging es dann wieder zur\u00fcck nach Sindelfingen. Leider hatten wir eine Autopanne und kamen dadurch recht sp\u00e4t von der \u00f6sterreichisch\/ungarischen Grenze weg. Dies bedeutete f\u00fcr uns eine stundenlange Nachtfahrt durch dichten Nebel; wir waren dadurch erst nachts um 3 Uhr todm\u00fcde an unserem Ziel.<\/span><br \/>\n<span style=\"font-size: small;\"> Gerne denken wir an die Tage in Gy\u0151r zur\u00fcck und bitten bereits jetzt um gut erhaltene B\u00fccher f\u00fcr den Gy\u0151rer Buchsalon 2012. Kinderb\u00fccher sind sehr beliebt, ebenso B\u00fccher \u00fcber die deutsche und europ\u00e4ische Geschichte, Fotob\u00e4nde, Klassiker \u2013 aber auch aktuelle Romane. Schulb\u00fccher werden von Lehrpersonen, aber auch Eltern gesucht und gesch\u00e4tzt, da das Erlernen der deutschen Sprache f\u00fcr die Kinder und Jugendlichen von gro\u00dfer Bedeutung ist.<\/span><br \/>\n<em><span style=\"font-size: small;\"> B.St.<\/span><\/em><\/p>\n","protected":false},"excerpt":{"rendered":"<p>IX. Buchsalon in Gy\u0151r \u2013 11. bis 13. November 2011 In diesem Jahr reiste mit Brigitte Stegmaier, Gudrun Stauffer und Siegbert Hirsch eine kleine Sindelfinger Delegation zum j\u00e4hrlichen Buchsalon nach Gy\u0151r. Mit einem vollbeladenen VW-Bus des Stadtjugendrings ging die Fahrt am 10. November so gegen sechs Uhr morgens los. Nach einer angenehmen Fahrt war das &hellip; <\/p>\n","protected":false},"author":2,"featured_media":0,"comment_status":"closed","ping_status":"closed","sticky":false,"template":"","format":"standard","meta":{"footnotes":""},"categories":[36,28,17],"tags":[],"class_list":["post-922","post","type-post","status-publish","format-standard","hentry","category-36","category-gyor-allgemein","category-vergangenes","entry"],"_links":{"self":[{"href":"https:\/\/www.ispas-ev.de\/index.php?rest_route=\/wp\/v2\/posts\/922","targetHints":{"allow":["GET"]}}],"collection":[{"href":"https:\/\/www.ispas-ev.de\/index.php?rest_route=\/wp\/v2\/posts"}],"about":[{"href":"https:\/\/www.ispas-ev.de\/index.php?rest_route=\/wp\/v2\/types\/post"}],"author":[{"embeddable":true,"href":"https:\/\/www.ispas-ev.de\/index.php?rest_route=\/wp\/v2\/users\/2"}],"replies":[{"embeddable":true,"href":"https:\/\/www.ispas-ev.de\/index.php?rest_route=%2Fwp%2Fv2%2Fcomments&post=922"}],"version-history":[{"count":35,"href":"https:\/\/www.ispas-ev.de\/index.php?rest_route=\/wp\/v2\/posts\/922\/revisions"}],"predecessor-version":[{"id":2582,"href":"https:\/\/www.ispas-ev.de\/index.php?rest_route=\/wp\/v2\/posts\/922\/revisions\/2582"}],"wp:attachment":[{"href":"https:\/\/www.ispas-ev.de\/index.php?rest_route=%2Fwp%2Fv2%2Fmedia&parent=922"}],"wp:term":[{"taxonomy":"category","embeddable":true,"href":"https:\/\/www.ispas-ev.de\/index.php?rest_route=%2Fwp%2Fv2%2Fcategories&post=922"},{"taxonomy":"post_tag","embeddable":true,"href":"https:\/\/www.ispas-ev.de\/index.php?rest_route=%2Fwp%2Fv2%2Ftags&post=922"}],"curies":[{"name":"wp","href":"https:\/\/api.w.org\/{rel}","templated":true}]}}