{"id":7507,"date":"2024-10-27T16:56:52","date_gmt":"2024-10-27T15:56:52","guid":{"rendered":"https:\/\/www.ispas-ev.de\/?p=7507"},"modified":"2024-11-01T14:05:33","modified_gmt":"2024-11-01T13:05:33","slug":"ispas-mitgliederversammlung-am-27-09-2024-mit-wahlen","status":"publish","type":"post","link":"https:\/\/www.ispas-ev.de\/?p=7507","title":{"rendered":"ISPAS-Mitgliederversammlung am 27.09.2024 mit Wahlen"},"content":{"rendered":"<p><span style=\"font-family: arial, helvetica, sans-serif; font-size: 12pt;\">Nach der Begr\u00fc\u00dfung durch die Vorsitzende Brigitte Stegmaier und dem Gedenken an die verstorbenen Mitglieder berichtet sie von den Ereignissen des vergangenen ISPAS-Jahres folgenderma\u00dfen: <\/span><\/p>\n<p><span style=\"font-family: arial, helvetica, sans-serif; font-size: 12pt;\">Vom 29. September bis 03. Oktober 2023 fand eine Reise nach Ungarn mit einem Besuch der Partnerstadt Gy\u00f6r statt. Bei herrlichem Wetter haben die Reisenden viel gesehen und erlebt.<br \/>\n<\/span><span style=\"font-family: arial, helvetica, sans-serif; font-size: 12pt;\">Am 13. Oktober 2023 erkl\u00e4rte F\u00f6rster Markus <\/span><span style=\"font-family: arial, helvetica, sans-serif; font-size: 12pt;\">Klas viel \u00fcber den Sindelfinger Waldbestand, das <\/span><span style=\"font-family: arial, helvetica, sans-serif; font-size: 12pt;\">Abroden und den Zustand der B\u00e4ume sowie deren <\/span><br \/>\n<span style=\"font-family: arial, helvetica, sans-serif; font-size: 12pt;\">Neupflanzung und Z\u00fcchtung.<br \/>\n<\/span><span style=\"font-family: arial, helvetica, sans-serif; font-size: 12pt;\">Am 2. Adventswochenende 2023 war das <\/span><span style=\"font-family: arial, helvetica, sans-serif; font-size: 12pt;\">traditionelle Torgauer Team wieder auf dem <\/span><span style=\"font-family: arial, helvetica, sans-serif; font-size: 12pt;\">Sindelfinger Weihnachtsmarkt. Mit dem Torgauer <\/span><span style=\"font-family: arial, helvetica, sans-serif; font-size: 12pt;\">Weihnachtsmann.<br \/>\n<\/span><span style=\"font-family: arial, helvetica, sans-serif; font-size: 12pt;\">Das Internationale Stra\u00dfenfest vom 21. Juni <\/span><span style=\"font-family: arial, helvetica, sans-serif; font-size: 12pt;\">bis 23. Juni 2024 war dieses Jahr besonders <\/span><span style=\"font-family: arial, helvetica, sans-serif; font-size: 12pt;\">nervenaufreibend, weil sehr schleppend und <\/span><span style=\"font-family: arial, helvetica, sans-serif; font-size: 12pt;\">schlie\u00dflich erst drei Tage vor dem Fest die letzten <\/span><span style=\"font-family: arial, helvetica, sans-serif; font-size: 12pt;\">Zusagen kamen. Corbeil-Essonnes und Ost-Samos <\/span><span style=\"font-family: arial, helvetica, sans-serif; font-size: 12pt;\">konnten leider nicht anwesend sein. Brigitte <\/span><span style=\"font-family: arial, helvetica, sans-serif; font-size: 12pt;\">Stegmaier dankt allen Helfern und den <\/span><span style=\"font-family: arial, helvetica, sans-serif; font-size: 12pt;\">Verantwortlichen bei der Stadt f\u00fcr die <\/span><span style=\"font-family: arial, helvetica, sans-serif; font-size: 12pt;\">Zusammenarbeit und sagt: \u00abNur gemeinsam und als <\/span><span style=\"font-family: arial, helvetica, sans-serif; font-size: 12pt;\">ein gro\u00dfes Team k\u00f6nnen wir ein solches Event <\/span><span style=\"font-family: arial, helvetica, sans-serif; font-size: 12pt;\">schultern\u00bb.<\/span><\/p>\n<p><span style=\"font-family: arial, helvetica, sans-serif; font-size: 12pt;\">In diesem Zusammenhang bem\u00fcht sich ISPAS um bessere <\/span><span style=\"font-family: arial, helvetica, sans-serif; font-size: 12pt;\">Kommunikation und Zusammenarbeit mit Sondrio, <\/span><span style=\"font-family: arial, helvetica, sans-serif; font-size: 12pt;\">Corbeil-Essonnes und Ost-Samos, &#8222;Wir glauben, dass <\/span><span style=\"font-family: arial, helvetica, sans-serif; font-size: 12pt;\">wir uns auf einem guten Weg der Zusammenarbeit <\/span><span style=\"font-family: arial, helvetica, sans-serif; font-size: 12pt;\">befinden.&#8220;, so die ISPAS-Vorsitzende.<\/span><br \/>\n<span style=\"font-family: arial, helvetica, sans-serif; font-size: 12pt;\">Dazu auch die Bitte der Vorsitzenden, sich <\/span><span style=\"font-family: arial, helvetica, sans-serif; font-size: 12pt;\">umzuh\u00f6ren, ob jemand die Aufgaben von Simone <\/span><span style=\"font-family: arial, helvetica, sans-serif; font-size: 12pt;\">Becker, der ISPAS-Beauftragten f\u00fcr EU-Angelegenheiten, \u00fcbernehmen will, die ein Netzwerk der <\/span><span style=\"font-family: arial, helvetica, sans-serif; font-size: 12pt;\">europ\u00e4ischen Jugendarbeit aufgebaut hat mit <\/span><span style=\"font-family: arial, helvetica, sans-serif; font-size: 12pt;\">Partnerschulen und Jugendlichen aus den Partnerst\u00e4dten und Antr\u00e4gen <\/span><span style=\"font-family: arial, helvetica, sans-serif; font-size: 12pt;\">auf Zusch\u00fcsse der EU mittels erasmus+. Es ist schade, dass das <\/span><span style=\"font-family: arial, helvetica, sans-serif; font-size: 12pt;\">Projekt \u00abJugend in Aktion\u00bb auf Eis liegt, weil <\/span><span style=\"font-family: arial, helvetica, sans-serif; font-size: 12pt;\">Simone Becker es aus gesundheitlichen und <\/span><span style=\"font-family: arial, helvetica, sans-serif; font-size: 12pt;\">famili\u00e4ren Gr\u00fcnden schweren Herzens aufgeben <\/span><span style=\"font-family: arial, helvetica, sans-serif; font-size: 12pt;\">musste.<br \/>\nMit einem<\/span><span style=\"font-family: arial, helvetica, sans-serif; font-size: 12pt;\"> gro\u00dfes Dankesch\u00f6n an alle Beteiligten der <\/span><span style=\"font-family: arial, helvetica, sans-serif; font-size: 12pt;\">Kirchengemeinde Hl. Dreifaltigkeit, die es ISPAS <\/span><span style=\"font-family: arial, helvetica, sans-serif; font-size: 12pt;\">erm\u00f6glichen, diese R\u00e4umlichkeiten immer wieder zu <\/span><span style=\"font-family: arial, helvetica, sans-serif; font-size: 12pt;\">nutzen, leitete die Vorsitzende zu den Formalien \u00fcber:<\/span><\/p>\n<p><span style=\"font-family: arial, helvetica, sans-serif; font-size: 12pt;\">Dr. Gudrun Kemmerling, Sprecherin f\u00fcr Sondrio, und Alexandra Keller, Sprecherin f\u00fcr Torgau, stellten sich nicht mehr zur Wahl und wurden mit gro\u00dfem Applaus und Dankesch\u00f6n f\u00fcr ihre lange ehrenamtliche T\u00e4tigkeit verabschiedet.<\/span><\/p>\n<p><span style=\"font-family: arial, helvetica, sans-serif; font-size: 12pt;\">Nach der Entlastung des Vorstands und der Schatzmeisterin, die dem Verein eine gesunde finanzielle Situation best\u00e4tigte, und dem positiven Bericht der Kassenpr\u00fcfer folgten die Wahlen nach einer Kurzvorstellung der Kandidaten und Kandidatinnen mit folgendem Ergebnis:<\/span><\/p>\n<p><span style=\"font-family: arial, helvetica, sans-serif; font-size: 12pt;\"><strong>Vorsitzende: <\/strong>Brigitte Stegmaier<\/span><br \/>\n<span style=\"font-family: arial, helvetica, sans-serif; font-size: 12pt;\"><strong>Stellvertretende Vorsitzende: <\/strong>Ute Walker<\/span><br \/>\n<span style=\"font-family: arial, helvetica, sans-serif; font-size: 12pt;\"><strong>Stellvertretender Vorsitzender: <\/strong>Wolfgang Trefz,<br \/>\n<\/span><span style=\"font-family: arial, helvetica, sans-serif; font-size: 12pt;\"><strong>Schatzmeisterin:<\/strong> Rita Fischer<br \/>\n<\/span><span style=\"font-family: arial, helvetica, sans-serif; font-size: 12pt;\"><strong>Schriftf\u00fchrerin\/Pressewartin:<\/strong> Ursula Steinh\u00fcbl<\/span><\/p>\n<p><span style=\"font-family: arial, helvetica, sans-serif; font-size: 12pt;\"><strong>Chelm:<\/strong> Hildegard Stein, Ewa Dabrowska-<br \/>\n<strong>Corbeil-Essonnes:<\/strong> Jelkica Cirilovic, Ingrid Scholz-Hertel<br \/>\n<strong>Dronfield:<\/strong> Ute Walker, Andreas Schneider-D\u00f6lker<br \/>\n<strong>Gy\u00f6r:<\/strong> G\u00e1bor Bende, Katalin R\u00fcttermann<br \/>\n<strong>Ost-Samos:<\/strong> Birgit Wohland-Braun, N.N.<br \/>\n<strong>Schaffhausen:<\/strong> Brigitte Stegmaier, Bettina Schneider<br \/>\n<strong>Sondrio:<\/strong> Italia Graziano Frazzetta, Vanessa Ribillotta<br \/>\n<strong>Torgau:<\/strong> Ingrid Pitterle, Manfred Stock<\/span><\/p>\n<p><span style=\"font-family: arial, helvetica, sans-serif; font-size: 12pt;\">Die Wahl war \u00f6ffentlich und einstimmig. Lediglich mit Enthaltung der <\/span><span style=\"font-family: arial, helvetica, sans-serif; font-size: 12pt;\">Betreffenden. Alle nehmen die Wahl an.<\/span><\/p>\n<p><a href=\"https:\/\/www.ispas-ev.de\/wp-content\/uploads\/2024\/10\/241020_IMG_8084_bearbeitet_4-MV-Gruppenfoto.jpeg\"><img loading=\"lazy\" decoding=\"async\" class=\"alignnone size-medium wp-image-7505\" src=\"https:\/\/www.ispas-ev.de\/wp-content\/uploads\/2024\/10\/241020_IMG_8084_bearbeitet_4-MV-Gruppenfoto-300x225.jpeg\" alt=\"\" width=\"300\" height=\"225\" srcset=\"https:\/\/www.ispas-ev.de\/wp-content\/uploads\/2024\/10\/241020_IMG_8084_bearbeitet_4-MV-Gruppenfoto-300x225.jpeg 300w, https:\/\/www.ispas-ev.de\/wp-content\/uploads\/2024\/10\/241020_IMG_8084_bearbeitet_4-MV-Gruppenfoto-1024x768.jpeg 1024w, https:\/\/www.ispas-ev.de\/wp-content\/uploads\/2024\/10\/241020_IMG_8084_bearbeitet_4-MV-Gruppenfoto-768x576.jpeg 768w, https:\/\/www.ispas-ev.de\/wp-content\/uploads\/2024\/10\/241020_IMG_8084_bearbeitet_4-MV-Gruppenfoto-1536x1152.jpeg 1536w, https:\/\/www.ispas-ev.de\/wp-content\/uploads\/2024\/10\/241020_IMG_8084_bearbeitet_4-MV-Gruppenfoto.jpeg 2000w\" sizes=\"auto, (max-width: 300px) 100vw, 300px\" \/><\/a><strong>Der neu gew\u00e4hlte Vorstand ohne Ingrid Scholz-Hertel, die an diesem Abend verhindert war.<\/strong><\/p>\n<p><span style=\"font-family: arial, helvetica, sans-serif; font-size: 12pt;\">Anschlie\u00dfend folgten die Kurzberichte \u00fcber die B\u00fcrgerreisen und ein Hinweis auf die diesj\u00e4hrige Herbstaktivit\u00e4t f\u00fcr Mitglieder:<br \/>\nVom <strong>19.09. bis 23.09.24<\/strong> waren aus Dronfield 23 B\u00fcrgerinnen und B\u00fcrger in Sindelfingen. Mit Unterst\u00fctzung durch Stadt, Stadtwerke und<br \/>\nengagierte ISPAS-Mitglieder konnte ein interessantes Programm aufgestellt werden, das Andreas Schneider-D\u00f6lker und Ute Walker vorstellten. Sie bedankten sich explizit noch einmal bei allen ihren Unterst\u00fctzern.<br \/>\n<\/span><span style=\"font-family: arial, helvetica, sans-serif; font-size: 12pt;\">Die Schweizreise mit Besuch in Schaffhausen vom<strong> 06. bis 09.09.24<\/strong> wurde mit einem Kurzfilm von Bettina Schneider und dazu passenden Kommentaren von Brigitte Stegmaier vorgestellt. Darin sind gute Laune, das hervorragende Wetter und das tolle Programm ganz deutlich widergespiegelt.<br \/>\nund das tolle Programm ganz deutlich zu sehen.<br \/>\nDie diesj\u00e4hrige Vereinsaktivit\u00e4t f\u00fcr die Mitglieder im Herbst soll ein Besuch im Haus der Geschichte Baden-W\u00fcrttembergs in Stuttgart sein. ISPAS hat eine<br \/>\nF\u00fchrung am<strong> Donnerstag, 10. Oktober, um 19 Uhr<\/strong> gebucht. Anmeldungen daf\u00fcr mit n\u00e4heren Informationen zur Hin- und R\u00fcckfahrt konnten auf einem ausliegenden Formular und einem zugeschickten Informationsblatt mit n\u00e4heren Erl\u00e4uterungen gemacht werden.<\/span><\/p>\n<p><span style=\"font-family: arial, helvetica, sans-serif; font-size: 12pt;\">Mit dem Hinweis , dass ISPAS zurzeit 173 Mitglieder hat und der Bitte: &#8222;Machen Sie f\u00fcr <\/span><span style=\"font-family: arial, helvetica, sans-serif; font-size: 12pt;\">unseren Verein bitte weiterhin Werbung. Unser <\/span><span style=\"font-family: arial, helvetica, sans-serif; font-size: 12pt;\">Partnerschaftsverein muss im Gespr\u00e4ch bleiben und <\/span><span style=\"font-family: arial, helvetica, sans-serif; font-size: 12pt;\">neugierig machen auf europ\u00e4ische Zusammenarbeit. Eine Jahresmitgliedschaft f\u00fcr\u00a0 <\/span><span style=\"font-family: arial, helvetica, sans-serif; font-size: 12pt;\">Einzelpersonen kostet nur 20 \u20ac, f\u00fcr Familien 30 \u20ac, <\/span><span style=\"font-family: arial, helvetica, sans-serif; font-size: 12pt;\">f\u00fcr Jugendliche bis 18 Jahren 0 \u20ac. F\u00fcr Spenden ist <\/span><span style=\"font-family: arial, helvetica, sans-serif; font-size: 12pt;\">der Verein sehr dankbar. <\/span><span style=\"font-family: arial, helvetica, sans-serif; font-size: 12pt;\">Kn\u00fcpfen Sie bitte weiterhin Kontakte in den <\/span><span style=\"font-family: arial, helvetica, sans-serif; font-size: 12pt;\">Sindelfinger Partnerst\u00e4dten, um die Beziehungen <\/span><span style=\"font-family: arial, helvetica, sans-serif; font-size: 12pt;\">am Leben zu halten.&#8220;, beendet Brigitte Stegmaier die Mitgliederversammlung. Sie meint, dass<br \/>\nanschlie\u00dfend bei kleiner Bewirtung alte Bekanntschaften gepflegt und neue geschlossen werden k\u00f6nnen. Ein rundum gelungener Abend.<\/span><\/p>\n","protected":false},"excerpt":{"rendered":"<p>Nach der Begr\u00fc\u00dfung durch die Vorsitzende Brigitte Stegmaier und dem Gedenken an die verstorbenen Mitglieder berichtet sie von den Ereignissen des vergangenen ISPAS-Jahres folgenderma\u00dfen: Vom 29. September bis 03. Oktober 2023 fand eine Reise nach Ungarn mit einem Besuch der Partnerstadt Gy\u00f6r statt. Bei herrlichem Wetter haben die Reisenden viel gesehen und erlebt. Am 13. &hellip; <\/p>\n","protected":false},"author":16,"featured_media":6468,"comment_status":"closed","ping_status":"open","sticky":false,"template":"","format":"standard","meta":{"footnotes":""},"categories":[1,31],"tags":[],"class_list":["post-7507","post","type-post","status-publish","format-standard","has-post-thumbnail","hentry","category-allgemein","category-vereinsnachrichten","entry"],"_links":{"self":[{"href":"https:\/\/www.ispas-ev.de\/index.php?rest_route=\/wp\/v2\/posts\/7507","targetHints":{"allow":["GET"]}}],"collection":[{"href":"https:\/\/www.ispas-ev.de\/index.php?rest_route=\/wp\/v2\/posts"}],"about":[{"href":"https:\/\/www.ispas-ev.de\/index.php?rest_route=\/wp\/v2\/types\/post"}],"author":[{"embeddable":true,"href":"https:\/\/www.ispas-ev.de\/index.php?rest_route=\/wp\/v2\/users\/16"}],"replies":[{"embeddable":true,"href":"https:\/\/www.ispas-ev.de\/index.php?rest_route=%2Fwp%2Fv2%2Fcomments&post=7507"}],"version-history":[{"count":6,"href":"https:\/\/www.ispas-ev.de\/index.php?rest_route=\/wp\/v2\/posts\/7507\/revisions"}],"predecessor-version":[{"id":7511,"href":"https:\/\/www.ispas-ev.de\/index.php?rest_route=\/wp\/v2\/posts\/7507\/revisions\/7511"}],"wp:featuredmedia":[{"embeddable":true,"href":"https:\/\/www.ispas-ev.de\/index.php?rest_route=\/wp\/v2\/media\/6468"}],"wp:attachment":[{"href":"https:\/\/www.ispas-ev.de\/index.php?rest_route=%2Fwp%2Fv2%2Fmedia&parent=7507"}],"wp:term":[{"taxonomy":"category","embeddable":true,"href":"https:\/\/www.ispas-ev.de\/index.php?rest_route=%2Fwp%2Fv2%2Fcategories&post=7507"},{"taxonomy":"post_tag","embeddable":true,"href":"https:\/\/www.ispas-ev.de\/index.php?rest_route=%2Fwp%2Fv2%2Ftags&post=7507"}],"curies":[{"name":"wp","href":"https:\/\/api.w.org\/{rel}","templated":true}]}}