{"id":7061,"date":"2023-05-31T13:03:09","date_gmt":"2023-05-31T11:03:09","guid":{"rendered":"https:\/\/www.ispas-ev.de\/?p=7061"},"modified":"2023-05-31T13:03:38","modified_gmt":"2023-05-31T11:03:38","slug":"sz-bz-sindelfingen-und-sondrio-feiern-60-jahre-staedtepartnerschaft","status":"publish","type":"post","link":"https:\/\/www.ispas-ev.de\/?p=7061","title":{"rendered":"SZ\/BZ: Sindelfingen und Sondrio feiern 60 Jahre St\u00e4dtepartnerschaft"},"content":{"rendered":"<p><span style=\"font-size: 12pt;\"><span style=\"font-family: arial, helvetica, sans-serif;\">Die Sindelfinger Zeitung ver\u00f6ffentlichte am 11.04.23 einen Artikel \u00fcber den Partnerschaftsabend, den ISPAS e.V.\u00a0 f\u00fcr die Teilnehmenden eines Gegenbesuchs aus Sondrio anl\u00e4sslich &#8222;60 Jahre St\u00e4dtepartnerschaft Sindelfingen-Sondrio&#8220; veranstaltete<\/span>.<\/span><\/p>\n<p><a href=\"https:\/\/www.ispas-ev.de\/wp-content\/uploads\/2023\/05\/sondrio-60-2023-04-11_Sindelfinger_Zeitung.pdf\">sondrio-60-2023-04-11_Sindelfinger_Zeitung<\/a><\/p>\n","protected":false},"excerpt":{"rendered":"<p>Die Sindelfinger Zeitung ver\u00f6ffentlichte am 11.04.23 einen Artikel \u00fcber den Partnerschaftsabend, den ISPAS e.V.\u00a0 f\u00fcr die Teilnehmenden eines Gegenbesuchs aus Sondrio anl\u00e4sslich &#8222;60 Jahre St\u00e4dtepartnerschaft Sindelfingen-Sondrio&#8220; veranstaltete. sondrio-60-2023-04-11_Sindelfinger_Zeitung<\/p>\n","protected":false},"author":16,"featured_media":3873,"comment_status":"closed","ping_status":"open","sticky":false,"template":"","format":"standard","meta":{"footnotes":""},"categories":[41],"tags":[],"class_list":["post-7061","post","type-post","status-publish","format-standard","has-post-thumbnail","hentry","category-presse","entry"],"_links":{"self":[{"href":"https:\/\/www.ispas-ev.de\/index.php?rest_route=\/wp\/v2\/posts\/7061","targetHints":{"allow":["GET"]}}],"collection":[{"href":"https:\/\/www.ispas-ev.de\/index.php?rest_route=\/wp\/v2\/posts"}],"about":[{"href":"https:\/\/www.ispas-ev.de\/index.php?rest_route=\/wp\/v2\/types\/post"}],"author":[{"embeddable":true,"href":"https:\/\/www.ispas-ev.de\/index.php?rest_route=\/wp\/v2\/users\/16"}],"replies":[{"embeddable":true,"href":"https:\/\/www.ispas-ev.de\/index.php?rest_route=%2Fwp%2Fv2%2Fcomments&post=7061"}],"version-history":[{"count":3,"href":"https:\/\/www.ispas-ev.de\/index.php?rest_route=\/wp\/v2\/posts\/7061\/revisions"}],"predecessor-version":[{"id":7064,"href":"https:\/\/www.ispas-ev.de\/index.php?rest_route=\/wp\/v2\/posts\/7061\/revisions\/7064"}],"wp:featuredmedia":[{"embeddable":true,"href":"https:\/\/www.ispas-ev.de\/index.php?rest_route=\/wp\/v2\/media\/3873"}],"wp:attachment":[{"href":"https:\/\/www.ispas-ev.de\/index.php?rest_route=%2Fwp%2Fv2%2Fmedia&parent=7061"}],"wp:term":[{"taxonomy":"category","embeddable":true,"href":"https:\/\/www.ispas-ev.de\/index.php?rest_route=%2Fwp%2Fv2%2Fcategories&post=7061"},{"taxonomy":"post_tag","embeddable":true,"href":"https:\/\/www.ispas-ev.de\/index.php?rest_route=%2Fwp%2Fv2%2Ftags&post=7061"}],"curies":[{"name":"wp","href":"https:\/\/api.w.org\/{rel}","templated":true}]}}