{"id":7053,"date":"2023-05-30T13:56:08","date_gmt":"2023-05-30T11:56:08","guid":{"rendered":"https:\/\/www.ispas-ev.de\/?p=7053"},"modified":"2023-05-31T12:43:51","modified_gmt":"2023-05-31T10:43:51","slug":"besuch-aus-sindelfingen-in-unserer-partnerstadt-sondrio-eine-reise-der-freundschaft-und-erneuerung","status":"publish","type":"post","link":"https:\/\/www.ispas-ev.de\/?p=7053","title":{"rendered":"Besuch aus Sindelfingen in unserer Partnerstadt Sondrio: eine Reise der Freundschaft und Erneuerung"},"content":{"rendered":"<p>I<span style=\"font-family: arial, helvetica, sans-serif; font-size: 12pt;\">m November 2022 hatte ISPAS e. V. die gro\u00dfe Freude, mit einer Gruppe von 44 Sindelfinger B\u00fcrgerinnen und B\u00fcrgern Sindelfingens sch\u00f6ne Partnerstadt Sondrio in Italien zu besuchen. Diese Reise war nicht nur eine Gelegenheit, nach der langen Corona-Pause wieder Kontakte zu kn\u00fcpfen und Freundschaften zu pflegen, sondern auch ein wichtiger Schritt zur Erneuerung der Partnerschaft zwischen den Organisationen und Vereinen beider St\u00e4dte. Die Reise wurde durch F\u00f6rdergelder aus dem europ\u00e4ischen F\u00f6rderprogramm \u201eCERV\u201c unterst\u00fctzt. Dieses Programm, dessen Kurzform f\u00fcr \u201eCitizens, Equality, Rights and Values\u201c steht, strebt die F\u00f6rderung des Austausches zwischen B\u00fcrgerinnen und B\u00fcrger verschiedener L\u00e4nder an.<\/span><\/p>\n<p><span style=\"font-family: arial, helvetica, sans-serif; font-size: 12pt;\">Am Ankunftsabend konnten die Sindelfinger bei einem gemeinsamen Abendessen erste Kontakte mit ihren italienischen Gastgebern kn\u00fcpfen. Bei Gespr\u00e4chen erfuhren sie von den Herausforderungen, mit denen Sondrio w\u00e4hrend der Corona-Pandemie zu k\u00e4mpfen hatte, und wie die B\u00fcrgerinnen und B\u00fcrger von ihrer Stadt und den \u00f6rtlichen Organisationen bei der Bew\u00e4ltigung der Pandemie unterst\u00fctzt wurden. Auch die Auswirkungen auf die Jugend beider St\u00e4dte wurde diskutiert sowie M\u00f6glichkeiten, einen neuen Anfang f\u00fcr den Austausch zwischen den jungen Menschen beider St\u00e4dte zu schaffen.<\/span><\/p>\n<p><span style=\"font-family: arial, helvetica, sans-serif; font-size: 12pt;\">Gemeinsam erkundeten alle am darauffolgenden Tag kulturelle H\u00f6hepunkte der Umgebung im Rahmen des Nationalen Tages der St\u00e4dtewanderung. Abends wurden die Sindelfinger B\u00fcrgerinnen und B\u00fcrger beim internationalen Sondrio Filmfestival herzlich begr\u00fc\u00dft und durften den eigenen Beitrag \u00fcber den Sch\u00f6nbuch zu den gezeigten Dokumentarfilmen mit Thema \u201eArten\u00e4nderung im Klimawandel\u201c zeigen. Am n\u00e4chsten Tag erhielten die Sindelfinger Teilnehmenden im Rathaus von Sondrio spannende Einblicke in die st\u00e4dtischen Strukturen von Sondrio. Besonders interessant war auch die erfolgreiche Integration der historischen Bibliothek in das digitale Zeitalter.<\/span><\/p>\n<p><span style=\"font-family: arial, helvetica, sans-serif; font-size: 12pt;\">Beim Partnerschaftsabend feierte man gemeinsam das 60-j\u00e4hrige Jubil\u00e4um der St\u00e4dtepartnerschaft. Es wurden Geschenke ausgetauscht und Sondrio pr\u00e4sentierte einen riesengro\u00dfen Kuchen, um die gemeinsame Partnerschaft zu feiern. Es wurde ein inspirierender Videofilm mit vielen Fotos \u00fcber die gemeinsamen Aktivit\u00e4ten der Vereine und Organisationen in den letzten Jahrzehnten gezeigt. Der &#8222;Europa-Song&#8220; der gemeinsamen Jugendbegegnung wurde pr\u00e4sentiert. Die Diskussionen \u00fcber europ\u00e4ische Themen wurden mit einer Umfrage zu europ\u00e4ischen Themen vertieft. Die Auswertung dazu wird es dann beim Besuch der B\u00fcrgerinnen und B\u00fcrger von Sondrio in Sindelfingen geben.<\/span><\/p>\n<p><span style=\"font-family: arial, helvetica, sans-serif; font-size: 12pt;\">F\u00fcr den dritten Tag des Aufenthalts in Sondrio hatten die Gastgeber einen Ausflug in ihre Umgebung mit vielen kulinarischen Besonderheiten der Region organisiert. Schon war es Zeit wieder Abschied zu nehmen und alle f\u00fchlten die herzliche Verbundenheit zwischen den beiden St\u00e4dten. Die Begeisterung \u00fcber die Zeit in Sondrio war sp\u00fcrbar, und auf der Heimfahrt wurden bereits viele Ideen besprochen, was man gemeinsam mit den G\u00e4sten aus Sondrio in Sindelfingen unternehmen m\u00f6chte. Die Gedanken auf den bevorstehenden Besuch der B\u00fcrgerinnen und B\u00fcrger von Sondrio in Sindelfingen l\u00f6ste bereits riesige Vorfreude aus.<\/span><\/p>\n<p>Autorin: Simone Becker<\/p>\n","protected":false},"excerpt":{"rendered":"<p>Im November 2022 hatte ISPAS e. V. die gro\u00dfe Freude, mit einer Gruppe von 44 Sindelfinger B\u00fcrgerinnen und B\u00fcrgern Sindelfingens sch\u00f6ne Partnerstadt Sondrio in Italien zu besuchen. Diese Reise war nicht nur eine Gelegenheit, nach der langen Corona-Pause wieder Kontakte zu kn\u00fcpfen und Freundschaften zu pflegen, sondern auch ein wichtiger Schritt zur Erneuerung der Partnerschaft &hellip; <\/p>\n","protected":false},"author":16,"featured_media":6827,"comment_status":"closed","ping_status":"open","sticky":false,"template":"","format":"standard","meta":{"footnotes":""},"categories":[1,45,17],"tags":[],"class_list":["post-7053","post","type-post","status-publish","format-standard","has-post-thumbnail","hentry","category-allgemein","category-europa","category-vergangenes","entry"],"_links":{"self":[{"href":"https:\/\/www.ispas-ev.de\/index.php?rest_route=\/wp\/v2\/posts\/7053","targetHints":{"allow":["GET"]}}],"collection":[{"href":"https:\/\/www.ispas-ev.de\/index.php?rest_route=\/wp\/v2\/posts"}],"about":[{"href":"https:\/\/www.ispas-ev.de\/index.php?rest_route=\/wp\/v2\/types\/post"}],"author":[{"embeddable":true,"href":"https:\/\/www.ispas-ev.de\/index.php?rest_route=\/wp\/v2\/users\/16"}],"replies":[{"embeddable":true,"href":"https:\/\/www.ispas-ev.de\/index.php?rest_route=%2Fwp%2Fv2%2Fcomments&post=7053"}],"version-history":[{"count":2,"href":"https:\/\/www.ispas-ev.de\/index.php?rest_route=\/wp\/v2\/posts\/7053\/revisions"}],"predecessor-version":[{"id":7055,"href":"https:\/\/www.ispas-ev.de\/index.php?rest_route=\/wp\/v2\/posts\/7053\/revisions\/7055"}],"wp:featuredmedia":[{"embeddable":true,"href":"https:\/\/www.ispas-ev.de\/index.php?rest_route=\/wp\/v2\/media\/6827"}],"wp:attachment":[{"href":"https:\/\/www.ispas-ev.de\/index.php?rest_route=%2Fwp%2Fv2%2Fmedia&parent=7053"}],"wp:term":[{"taxonomy":"category","embeddable":true,"href":"https:\/\/www.ispas-ev.de\/index.php?rest_route=%2Fwp%2Fv2%2Fcategories&post=7053"},{"taxonomy":"post_tag","embeddable":true,"href":"https:\/\/www.ispas-ev.de\/index.php?rest_route=%2Fwp%2Fv2%2Ftags&post=7053"}],"curies":[{"name":"wp","href":"https:\/\/api.w.org\/{rel}","templated":true}]}}