{"id":4755,"date":"2019-03-07T12:29:28","date_gmt":"2019-03-07T11:29:28","guid":{"rendered":"https:\/\/www.ispas-ev.de\/?p=4755"},"modified":"2020-03-30T14:16:35","modified_gmt":"2020-03-30T12:16:35","slug":"unterwegs-in-polen-begegnungen-mit-menschen-ihrer-geschichte-und-heimat","status":"publish","type":"post","link":"https:\/\/www.ispas-ev.de\/?p=4755","title":{"rendered":"Unterwegs in Polen &#8211; Begegnungen mit Menschen, ihrer Geschichte und Heimat"},"content":{"rendered":"<p style=\"text-align: justify;\"><span class=\"fontstyle0\" style=\"font-family: arial, helvetica, sans-serif;\">Zu einer Lesung mit Hans Bollinger, umrahmt von Liedern, l\u00e4dt das Amt f\u00fcr Internationale<br \/>\nAngelegenheiten der Stadt Sindelfingen in Kooperation mit dem Verein Initiative St\u00e4dtepartnerschaften<br \/>\nSindelfingen (ISPAS) am Donnerstag, 4. April um 19 Uhr in den Oberlichtsaal, Rathausplatz 4 (Eingang<br \/>\nStadtbibliothek) herzlich ein.<\/span><!--more-->Weiterlesen<\/p>\n<p style=\"text-align: justify;\"><span class=\"fontstyle0\" style=\"font-family: arial, helvetica, sans-serif;\">\u00bbWo liegt Polen?\u00ab k\u00f6nnte man fragen. \u00bbPolen liegt nicht, Polen arbeitet!\u00ab. Kaum treffender kann man<br \/>\nbeschreiben, was Hans Bollinger bei zahllosen Reisen in den deutschen Nachbarstaat erleben durfte.<br \/>\nDiesseits der Grenze wei\u00df man nur wenig von den massiven Ver\u00e4nderungen der vergangenen vier<br \/>\nJahrzehnte, die Polen zu einem modernen europ\u00e4ischen Land werden lie\u00dfen. Doch gerade die<br \/>\nBegegnungen mit einfachen Menschen haben es Bollinger angetan: Bergleute, K\u00f6hler, F\u00f6rster und<br \/>\nBauern, die in schwierigen Verh\u00e4ltnissen ihr pers\u00f6nlichen Gl\u00fcck zu meistern versuchen.<br \/>\nDer P\u00e4dagoge und Musiker Hans Bollinger (*1949) engagiert sich intensiv f\u00fcr einen partnerschaftlichen<br \/>\nAustausch mit Polen. \u00bbUnterwegs in Polen\u00ab ist eine ganz pers\u00f6nliche Liebeserkl\u00e4rung an ein<br \/>\nuntersch\u00e4tztes Land, das es zu entdecken gilt.<br \/>\nAber Hans Bollinger wurde auch konfrontiert mit der Geschichte des Landes und der eigenen<br \/>\nGeschichte. In Tykoczin und Nowy Zmigrod musste er erfahren, wie die SS in kurzer Zeit D\u00f6rfer<br \/>\nliquidierte und Tausende von Juden ermordete. Und er stie\u00df in zahlreichen Friedh\u00f6fen auf die Spuren<br \/>\ndes 1. Weltkrieges und erlebte in der Familie die Konflikte unterschiedlich denkender Oberschlesier.<br \/>\nAll seine Begegnungen mit Menschen der Geschichte und der Landschaft beschreibt der Autor liebevoll,<br \/>\nwitzig und auch spannend, aber immer in gro\u00dfer Achtung vor den Menschen und der Geschichte des<br \/>\nLandes.<br \/>\nDer Eintritt ist frei. Nach der Veranstaltung findet sich Gelegenheit zum Austausch und zu Gespr\u00e4chen<br \/>\nmit Hans Bollinger.<\/span><\/p>\n<p class=\"hide-if-no-js\"><a id=\"set-post-thumbnail\" class=\"thickbox\" href=\"https:\/\/www.ispas-ev.de\/wp-admin\/media-upload.php?post_id=4755&amp;type=image&amp;TB_iframe=1\" aria-describedby=\"set-post-thumbnail-desc\"><img loading=\"lazy\" decoding=\"async\" class=\"attachment-266x266 size-266x266\" src=\"https:\/\/www.ispas-ev.de\/wp-content\/uploads\/2019\/03\/2019-04-04-Hans_Bollinger_P8220074.jpg\" sizes=\"auto, (max-width: 266px) 100vw, 266px\" srcset=\"https:\/\/www.ispas-ev.de\/wp-content\/uploads\/2019\/03\/2019-04-04-Hans_Bollinger_P8220074.jpg 1024w, https:\/\/www.ispas-ev.de\/wp-content\/uploads\/2019\/03\/2019-04-04-Hans_Bollinger_P8220074-300x225.jpg 300w, https:\/\/www.ispas-ev.de\/wp-content\/uploads\/2019\/03\/2019-04-04-Hans_Bollinger_P8220074-768x576.jpg 768w\" alt=\"\" width=\"266\" height=\"200\" \/><\/a><\/p>\n","protected":false},"excerpt":{"rendered":"<p>Zu einer Lesung mit Hans Bollinger, umrahmt von Liedern, l\u00e4dt das Amt f\u00fcr Internationale Angelegenheiten der Stadt Sindelfingen in Kooperation mit dem Verein Initiative St\u00e4dtepartnerschaften Sindelfingen (ISPAS) am Donnerstag, 4. April um 19 Uhr in den Oberlichtsaal, Rathausplatz 4 (Eingang Stadtbibliothek) herzlich ein.<\/p>\n","protected":false},"author":16,"featured_media":4766,"comment_status":"closed","ping_status":"closed","sticky":false,"template":"","format":"standard","meta":{"footnotes":""},"categories":[1,23],"tags":[],"class_list":["post-4755","post","type-post","status-publish","format-standard","has-post-thumbnail","hentry","category-allgemein","category-chelm","entry","has-more-link"],"_links":{"self":[{"href":"https:\/\/www.ispas-ev.de\/index.php?rest_route=\/wp\/v2\/posts\/4755","targetHints":{"allow":["GET"]}}],"collection":[{"href":"https:\/\/www.ispas-ev.de\/index.php?rest_route=\/wp\/v2\/posts"}],"about":[{"href":"https:\/\/www.ispas-ev.de\/index.php?rest_route=\/wp\/v2\/types\/post"}],"author":[{"embeddable":true,"href":"https:\/\/www.ispas-ev.de\/index.php?rest_route=\/wp\/v2\/users\/16"}],"replies":[{"embeddable":true,"href":"https:\/\/www.ispas-ev.de\/index.php?rest_route=%2Fwp%2Fv2%2Fcomments&post=4755"}],"version-history":[{"count":11,"href":"https:\/\/www.ispas-ev.de\/index.php?rest_route=\/wp\/v2\/posts\/4755\/revisions"}],"predecessor-version":[{"id":4769,"href":"https:\/\/www.ispas-ev.de\/index.php?rest_route=\/wp\/v2\/posts\/4755\/revisions\/4769"}],"wp:featuredmedia":[{"embeddable":true,"href":"https:\/\/www.ispas-ev.de\/index.php?rest_route=\/wp\/v2\/media\/4766"}],"wp:attachment":[{"href":"https:\/\/www.ispas-ev.de\/index.php?rest_route=%2Fwp%2Fv2%2Fmedia&parent=4755"}],"wp:term":[{"taxonomy":"category","embeddable":true,"href":"https:\/\/www.ispas-ev.de\/index.php?rest_route=%2Fwp%2Fv2%2Fcategories&post=4755"},{"taxonomy":"post_tag","embeddable":true,"href":"https:\/\/www.ispas-ev.de\/index.php?rest_route=%2Fwp%2Fv2%2Ftags&post=4755"}],"curies":[{"name":"wp","href":"https:\/\/api.w.org\/{rel}","templated":true}]}}